{"id":1743,"date":"2024-04-15T12:04:40","date_gmt":"2024-04-15T09:04:40","guid":{"rendered":"https:\/\/eventos.fi\/?p=1743"},"modified":"2025-09-16T08:40:22","modified_gmt":"2025-09-16T05:40:22","slug":"eventos-oli-mukana-kun-vegemessut-tekivat-kavijaennatyksen","status":"publish","type":"post","link":"https:\/\/eventos.fi\/en\/blog\/2024\/04\/15\/eventos-oli-mukana-kun-vegemessut-tekivat-kavijaennatyksen\/","title":{"rendered":"Eventos oli mukana, kun Vegemessut tekiv\u00e4t k\u00e4vij\u00e4enn\u00e4tyksen"},"content":{"rendered":"<div class=\"inherit-container-width wp-block-group alignwide has-ast-global-color-0-color has-text-color is-layout-constrained wp-block-group-is-layout-constrained\">\n<div class=\"wp-block-uagb-advanced-heading uagb-block-de616992\"><h1 class=\"uagb-heading-text\"><strong>Eventos oli mukana, kun Vegemessut tekiv\u00e4t k\u00e4vij\u00e4enn\u00e4tyksen<\/strong><\/h1><\/div>\n\n\n\n<div class=\"wp-block-uagb-advanced-heading uagb-block-6a4d36c7\"><h3 class=\"uagb-heading-text\">Pohjoismaiden suurin kasvisruokatapahtuma Vegemessut toteutettiin ensimm\u00e4ist\u00e4 kertaa Eventoksen avulla.<\/h3><\/div>\n\n\n\n<p class=\"has-ast-global-color-0-color has-text-color\"><br><a href=\"https:\/\/www.vegemessut.fi\/\" target=\"_blank\" rel=\"noreferrer noopener\">Vegemessut<\/a> on Vegefirman Helsingiss\u00e4 vuodesta 2017 j\u00e4rjest\u00e4m\u00e4 tapahtuma, joka esittelee vegaanista ruokaa ja kasvissy\u00f6nti\u00e4. Vuotuiset messut ker\u00e4\u00e4v\u00e4t Kaapelitehtaalle vegemaailman kuumimmat ruokauutuudet ja yli 8000 k\u00e4vij\u00e4\u00e4.<\/p>\n\n\n\n<p class=\"has-ast-global-color-0-color has-text-color\">Koko viikonlopun kest\u00e4v\u00e4 vegejuhla on tunnettu ja my\u00f6s median huomioima tapahtuma. Kolmip\u00e4iv\u00e4isen yleis\u00f6tapahtuman lis\u00e4ksi konseptiin sis\u00e4ltyy ammattilaismessutapahtuma, joka on tarkoitettu kaikille elintarvikealan edustajille.<\/p>\n\n\n\n<div class=\"wp-block-uagb-advanced-heading uagb-block-99dcf487\"><h3 class=\"uagb-heading-text\"><br><strong>Pullonkaulat kuriin itsepalvelurekister\u00f6innill\u00e4<\/strong><\/h3><\/div>\n\n\n\n<p><br>Vegefirma halusi toteuttaa ammattilaisp\u00e4iv\u00e4\u00e4n helpon tavan rekister\u00f6ity\u00e4 ja saada osallistujapassi. He valitsivat ratkaisuksi Eventoksen check-in-palvelun.<\/p>\n\n\n\n<p>Rekister\u00f6ityneille vieraille l\u00e4hetettiin ilmoittautumisvahvistuksen yhteydess\u00e4 QR-koodi, jota n\u00e4ytt\u00e4m\u00e4ll\u00e4 he saivat tulostettua oman osallistujapassinsa nimi-, organisaatio- ja tittelitietoineen tapahtuman ovella.<\/p>\n\n\n\n<p class=\"is-style-default\"><em>\u201dHalusimme toteuttaa ammattilaisp\u00e4iv\u00e4n sis\u00e4\u00e4nkirjausprosessin luotettavasti ja ilman pullonkauloja. T\u00e4h\u00e4n tarpeeseen sopi hyvin Eventoksen sis\u00e4\u00e4nkirjaamisprosessi, jossa k\u00e4vij\u00e4t p\u00e4\u00e4siv\u00e4t itse kirjautumaan ja tulostamaan nimilappunsa tapahtuman ovella. Prosessia nopeutti osallistujille etuk\u00e4teen toimitetut QR-koodit, joita vilautettiin kameralle. Kaiken kaikkiaan sis\u00e4\u00e4nkirjaus onnistui yli odotusten\u201d<\/em>, kommentoi Vegefirman toimitusjohtaja <strong>Karry Hedberg<\/strong>.<\/p>\n\n\n\n<div class=\"wp-block-uagb-advanced-heading uagb-block-157d9efd\"><h3 class=\"uagb-heading-text\"><br><strong>Jouhevuutta lipunmyyntiin<\/strong><\/h3><\/div>\n\n\n\n<p><br>Yleis\u00f6tapahtumaan myytiin useita tuhansia ennakkolippuja Eventoksen lipunmyyntilomakkeella. Koska lomake oli upotettu osaksi Vegemessujen verkkosivuja, k\u00e4vij\u00e4 p\u00e4\u00e4si ostamaan liput ilman ylim\u00e4\u00e4r\u00e4isi\u00e4 klikkauksia tai rekister\u00f6intej\u00e4. Maksutapoina olivat k\u00e4yt\u00f6ss\u00e4 Paytrailin pankki-, luottokortti-, mobiilimaksut, joihin Eventoksesta l\u00f6ytyy valmis integraatio.<\/p>\n\n\n\n<p><em>\u201dLipunmyynti oli meill\u00e4 aikaisempina vuosina hoidettu palveluntarjoajan sivuston kautta. T\u00e4ll\u00e4 kertaa toteutimme sen suoraan omalla tapahtumasivustollamme, mik\u00e4 osoittautui jouhevaksi ratkaisuksi aikaisempaan verrattuna. Siirtyminen uuteen toimintatapaan hieman j\u00e4nnitti, mutta kokonaisuus osoittautui helpoksi ja k\u00e4tev\u00e4ksi\u201d, Hedberg sanoo.<\/em><\/p>\n\n\n\n<div class=\"wp-block-uagb-advanced-heading uagb-block-69f4e8ae\"><h3 class=\"uagb-heading-text\"><br><strong>K\u00e4vij\u00e4enn\u00e4tys ja toimiva yhteisty\u00f6<\/strong><\/h3><\/div>\n\n\n\n<p><br>Vegemessujen toimitsijat tarkistivat lippuja Eventos Contact -verkkosovelluksella koko tapahtumaviikonlopun ajan. K\u00e4yt\u00f6ss\u00e4 oli muutama kiinte\u00e4 lipunlukijakamera, ja lis\u00e4ksi lippuja tarkistettiin matkapuhelimilla etenkin ruuhkaisimpina aikoina.<\/p>\n\n\n\n<p>Tapahtuma oli kokonaisuutena onnistunut ja t\u00e4st\u00e4 palkintona saavutettiin mm. uusi k\u00e4vij\u00e4enn\u00e4tys sek\u00e4 yleis\u00f6tapahtumassa ett\u00e4 ammattilaisp\u00e4iv\u00e4ss\u00e4.<\/p>\n\n\n\n<p><em>\u201dTapahtuman toteutuksen suunnittelu aloitettiin hyviss\u00e4 ajoin yhdess\u00e4 asiakkaan kanssa, jolloin pystyimme puolin ja toisin k\u00e4ym\u00e4\u00e4n dialogia j\u00e4rkevist\u00e4 toimintatavoista ja ottamaan huomioon mm. lippukauppaa koskevat kehitystoiveet. Tapahtuman j\u00e4rjest\u00e4j\u00e4tiimist\u00e4 huokui vahva halu kehitt\u00e4\u00e4 tapahtumaa, mik\u00e4 oli loistava pohja yhteisty\u00f6lle. Vegemessut on yksi mieluisimmista tapahtumaprojekteista, jossa olen saanut olla mukana\u201d<\/em>, kommentoi Prospectumin puolelta projektia vet\u00e4m\u00e4ss\u00e4 ollut <strong>Akseli Hietala.<\/strong><\/p>\n<\/div>","protected":false},"excerpt":{"rendered":"<p>Pohjoismaiden suurin kasvisruokatapahtuma Vegemessut toteutettiin ensimm\u00e4ist\u00e4 kertaa Eventoksen avulla.<\/p>","protected":false},"author":1,"featured_media":1744,"comment_status":"closed","ping_status":"closed","sticky":false,"template":"","format":"standard","meta":{"_uag_custom_page_level_css":"","site-sidebar-layout":"default","site-content-layout":"","ast-site-content-layout":"default","site-content-style":"default","site-sidebar-style":"default","ast-global-header-display":"","ast-banner-title-visibility":"","ast-main-header-display":"","ast-hfb-above-header-display":"","ast-hfb-below-header-display":"","ast-hfb-mobile-header-display":"","site-post-title":"disabled","ast-breadcrumbs-content":"","ast-featured-img":"","footer-sml-layout":"","ast-disable-related-posts":"","theme-transparent-header-meta":"","adv-header-id-meta":"","stick-header-meta":"","header-above-stick-meta":"","header-main-stick-meta":"","header-below-stick-meta":"","astra-migrate-meta-layouts":"set","ast-page-background-enabled":"default","ast-page-background-meta":{"desktop":{"background-color":"var(--ast-global-color-4)","background-image":"","background-repeat":"repeat","background-position":"center center","background-size":"auto","background-attachment":"scroll","background-type":"","background-media":"","overlay-type":"","overlay-color":"","overlay-opacity":"","overlay-gradient":""},"tablet":{"background-color":"","background-image":"","background-repeat":"repeat","background-position":"center center","background-size":"auto","background-attachment":"scroll","background-type":"","background-media":"","overlay-type":"","overlay-color":"","overlay-opacity":"","overlay-gradient":""},"mobile":{"background-color":"","background-image":"","background-repeat":"repeat","background-position":"center center","background-size":"auto","background-attachment":"scroll","background-type":"","background-media":"","overlay-type":"","overlay-color":"","overlay-opacity":"","overlay-gradient":""}},"ast-content-background-meta":{"desktop":{"background-color":"var(--ast-global-color-5)","background-image":"","background-repeat":"repeat","background-position":"center center","background-size":"auto","background-attachment":"scroll","background-type":"","background-media":"","overlay-type":"","overlay-color":"","overlay-opacity":"","overlay-gradient":""},"tablet":{"background-color":"var(--ast-global-color-5)","background-image":"","background-repeat":"repeat","background-position":"center center","background-size":"auto","background-attachment":"scroll","background-type":"","background-media":"","overlay-type":"","overlay-color":"","overlay-opacity":"","overlay-gradient":""},"mobile":{"background-color":"var(--ast-global-color-5)","background-image":"","background-repeat":"repeat","background-position":"center center","background-size":"auto","background-attachment":"scroll","background-type":"","background-media":"","overlay-type":"","overlay-color":"","overlay-opacity":"","overlay-gradient":""}},"footnotes":""},"categories":[8],"tags":[],"class_list":["post-1743","post","type-post","status-publish","format-standard","has-post-thumbnail","hentry","category-referenssi"],"yoast_head":"<!-- This site is optimized with the Yoast SEO plugin v27.3 - https:\/\/yoast.com\/product\/yoast-seo-wordpress\/ -->\n<title>Vegemessut onnistuivat Eventoksen avulla<\/title>\n<meta name=\"description\" content=\"Vegemessut rikkoivat k\u00e4vij\u00e4enn\u00e4tyksen Eventoksenratkaisuilla. Tutustu, miten sujuvat j\u00e4rjestelyt loivat onnistuneen tapahtuman.\" \/>\n<meta name=\"robots\" content=\"index, follow, max-snippet:-1, max-image-preview:large, max-video-preview:-1\" \/>\n<link rel=\"canonical\" href=\"https:\/\/eventos.fi\/en\/blog\/2024\/04\/15\/eventos-oli-mukana-kun-vegemessut-tekivat-kavijaennatyksen\/\" \/>\n<meta property=\"og:locale\" content=\"en_GB\" \/>\n<meta property=\"og:type\" content=\"article\" \/>\n<meta property=\"og:title\" content=\"Vegemessut onnistuivat Eventoksen avulla\" \/>\n<meta property=\"og:description\" content=\"Vegemessut rikkoivat k\u00e4vij\u00e4enn\u00e4tyksen Eventoksenratkaisuilla. Tutustu, miten sujuvat j\u00e4rjestelyt loivat onnistuneen tapahtuman.\" \/>\n<meta property=\"og:url\" content=\"https:\/\/eventos.fi\/en\/blog\/2024\/04\/15\/eventos-oli-mukana-kun-vegemessut-tekivat-kavijaennatyksen\/\" \/>\n<meta property=\"og:site_name\" content=\"Eventos\" \/>\n<meta property=\"article:published_time\" content=\"2024-04-15T09:04:40+00:00\" \/>\n<meta property=\"article:modified_time\" content=\"2025-09-16T05:40:22+00:00\" \/>\n<meta property=\"og:image\" content=\"https:\/\/eventos.fi\/wp-content\/uploads\/2024\/04\/blog-post-image-2-min.png\" \/>\n\t<meta property=\"og:image:width\" content=\"1920\" \/>\n\t<meta property=\"og:image:height\" content=\"1080\" \/>\n\t<meta property=\"og:image:type\" content=\"image\/png\" \/>\n<meta name=\"author\" content=\"superadmin\" \/>\n<meta name=\"twitter:card\" content=\"summary_large_image\" \/>\n<meta name=\"twitter:label1\" content=\"Written by\" \/>\n\t<meta name=\"twitter:data1\" content=\"superadmin\" \/>\n\t<meta name=\"twitter:label2\" content=\"Estimated reading time\" \/>\n\t<meta name=\"twitter:data2\" content=\"2 minutes\" \/>\n<script type=\"application\/ld+json\" class=\"yoast-schema-graph\">{\"@context\":\"https:\\\/\\\/schema.org\",\"@graph\":[{\"@type\":\"Article\",\"@id\":\"https:\\\/\\\/eventos.fi\\\/blog\\\/2024\\\/04\\\/15\\\/eventos-oli-mukana-kun-vegemessut-tekivat-kavijaennatyksen\\\/#article\",\"isPartOf\":{\"@id\":\"https:\\\/\\\/eventos.fi\\\/blog\\\/2024\\\/04\\\/15\\\/eventos-oli-mukana-kun-vegemessut-tekivat-kavijaennatyksen\\\/\"},\"author\":{\"name\":\"superadmin\",\"@id\":\"https:\\\/\\\/eventos.fi\\\/#\\\/schema\\\/person\\\/178527380e29b3cb858687f9e8f50c75\"},\"headline\":\"Eventos oli mukana, kun Vegemessut tekiv\u00e4t k\u00e4vij\u00e4enn\u00e4tyksen\",\"datePublished\":\"2024-04-15T09:04:40+00:00\",\"dateModified\":\"2025-09-16T05:40:22+00:00\",\"mainEntityOfPage\":{\"@id\":\"https:\\\/\\\/eventos.fi\\\/blog\\\/2024\\\/04\\\/15\\\/eventos-oli-mukana-kun-vegemessut-tekivat-kavijaennatyksen\\\/\"},\"wordCount\":397,\"publisher\":{\"@id\":\"https:\\\/\\\/eventos.fi\\\/#organization\"},\"image\":{\"@id\":\"https:\\\/\\\/eventos.fi\\\/blog\\\/2024\\\/04\\\/15\\\/eventos-oli-mukana-kun-vegemessut-tekivat-kavijaennatyksen\\\/#primaryimage\"},\"thumbnailUrl\":\"https:\\\/\\\/eventos.fi\\\/wp-content\\\/uploads\\\/2024\\\/04\\\/blog-post-image-2-min.png\",\"articleSection\":[\"Referenssi\"],\"inLanguage\":\"en-GB\"},{\"@type\":\"WebPage\",\"@id\":\"https:\\\/\\\/eventos.fi\\\/blog\\\/2024\\\/04\\\/15\\\/eventos-oli-mukana-kun-vegemessut-tekivat-kavijaennatyksen\\\/\",\"url\":\"https:\\\/\\\/eventos.fi\\\/blog\\\/2024\\\/04\\\/15\\\/eventos-oli-mukana-kun-vegemessut-tekivat-kavijaennatyksen\\\/\",\"name\":\"Vegemessut onnistuivat Eventoksen avulla\",\"isPartOf\":{\"@id\":\"https:\\\/\\\/eventos.fi\\\/#website\"},\"primaryImageOfPage\":{\"@id\":\"https:\\\/\\\/eventos.fi\\\/blog\\\/2024\\\/04\\\/15\\\/eventos-oli-mukana-kun-vegemessut-tekivat-kavijaennatyksen\\\/#primaryimage\"},\"image\":{\"@id\":\"https:\\\/\\\/eventos.fi\\\/blog\\\/2024\\\/04\\\/15\\\/eventos-oli-mukana-kun-vegemessut-tekivat-kavijaennatyksen\\\/#primaryimage\"},\"thumbnailUrl\":\"https:\\\/\\\/eventos.fi\\\/wp-content\\\/uploads\\\/2024\\\/04\\\/blog-post-image-2-min.png\",\"datePublished\":\"2024-04-15T09:04:40+00:00\",\"dateModified\":\"2025-09-16T05:40:22+00:00\",\"description\":\"Vegemessut rikkoivat k\u00e4vij\u00e4enn\u00e4tyksen Eventoksenratkaisuilla. Tutustu, miten sujuvat j\u00e4rjestelyt loivat onnistuneen tapahtuman.\",\"breadcrumb\":{\"@id\":\"https:\\\/\\\/eventos.fi\\\/blog\\\/2024\\\/04\\\/15\\\/eventos-oli-mukana-kun-vegemessut-tekivat-kavijaennatyksen\\\/#breadcrumb\"},\"inLanguage\":\"en-GB\",\"potentialAction\":[{\"@type\":\"ReadAction\",\"target\":[\"https:\\\/\\\/eventos.fi\\\/blog\\\/2024\\\/04\\\/15\\\/eventos-oli-mukana-kun-vegemessut-tekivat-kavijaennatyksen\\\/\"]}]},{\"@type\":\"ImageObject\",\"inLanguage\":\"en-GB\",\"@id\":\"https:\\\/\\\/eventos.fi\\\/blog\\\/2024\\\/04\\\/15\\\/eventos-oli-mukana-kun-vegemessut-tekivat-kavijaennatyksen\\\/#primaryimage\",\"url\":\"https:\\\/\\\/eventos.fi\\\/wp-content\\\/uploads\\\/2024\\\/04\\\/blog-post-image-2-min.png\",\"contentUrl\":\"https:\\\/\\\/eventos.fi\\\/wp-content\\\/uploads\\\/2024\\\/04\\\/blog-post-image-2-min.png\",\"width\":1920,\"height\":1080},{\"@type\":\"BreadcrumbList\",\"@id\":\"https:\\\/\\\/eventos.fi\\\/blog\\\/2024\\\/04\\\/15\\\/eventos-oli-mukana-kun-vegemessut-tekivat-kavijaennatyksen\\\/#breadcrumb\",\"itemListElement\":[{\"@type\":\"ListItem\",\"position\":1,\"name\":\"Home\",\"item\":\"https:\\\/\\\/eventos.fi\\\/\"},{\"@type\":\"ListItem\",\"position\":2,\"name\":\"Eventos oli mukana, kun Vegemessut tekiv\u00e4t k\u00e4vij\u00e4enn\u00e4tyksen\"}]},{\"@type\":\"WebSite\",\"@id\":\"https:\\\/\\\/eventos.fi\\\/#website\",\"url\":\"https:\\\/\\\/eventos.fi\\\/\",\"name\":\"Eventos\",\"description\":\"\",\"publisher\":{\"@id\":\"https:\\\/\\\/eventos.fi\\\/#organization\"},\"potentialAction\":[{\"@type\":\"SearchAction\",\"target\":{\"@type\":\"EntryPoint\",\"urlTemplate\":\"https:\\\/\\\/eventos.fi\\\/?s={search_term_string}\"},\"query-input\":{\"@type\":\"PropertyValueSpecification\",\"valueRequired\":true,\"valueName\":\"search_term_string\"}}],\"inLanguage\":\"en-GB\"},{\"@type\":\"Organization\",\"@id\":\"https:\\\/\\\/eventos.fi\\\/#organization\",\"name\":\"Eventos\",\"url\":\"https:\\\/\\\/eventos.fi\\\/\",\"logo\":{\"@type\":\"ImageObject\",\"inLanguage\":\"en-GB\",\"@id\":\"https:\\\/\\\/eventos.fi\\\/#\\\/schema\\\/logo\\\/image\\\/\",\"url\":\"https:\\\/\\\/eventos.fi\\\/wp-content\\\/uploads\\\/2023\\\/03\\\/Frame-49.png\",\"contentUrl\":\"https:\\\/\\\/eventos.fi\\\/wp-content\\\/uploads\\\/2023\\\/03\\\/Frame-49.png\",\"width\":134,\"height\":46,\"caption\":\"Eventos\"},\"image\":{\"@id\":\"https:\\\/\\\/eventos.fi\\\/#\\\/schema\\\/logo\\\/image\\\/\"}},{\"@type\":\"Person\",\"@id\":\"https:\\\/\\\/eventos.fi\\\/#\\\/schema\\\/person\\\/178527380e29b3cb858687f9e8f50c75\",\"name\":\"superadmin\",\"image\":{\"@type\":\"ImageObject\",\"inLanguage\":\"en-GB\",\"@id\":\"https:\\\/\\\/secure.gravatar.com\\\/avatar\\\/0746553e4cd846e278e54d8ac7c0d603e163ee8ce5ad3949e9499658cd9dd3fa?s=96&d=mm&r=g\",\"url\":\"https:\\\/\\\/secure.gravatar.com\\\/avatar\\\/0746553e4cd846e278e54d8ac7c0d603e163ee8ce5ad3949e9499658cd9dd3fa?s=96&d=mm&r=g\",\"contentUrl\":\"https:\\\/\\\/secure.gravatar.com\\\/avatar\\\/0746553e4cd846e278e54d8ac7c0d603e163ee8ce5ad3949e9499658cd9dd3fa?s=96&d=mm&r=g\",\"caption\":\"superadmin\"},\"sameAs\":[\"http:\\\/\\\/142.93.230.92\"],\"url\":\"https:\\\/\\\/eventos.fi\\\/en\\\/blog\\\/author\\\/superadmin\\\/\"}]}<\/script>\n<!-- \/ Yoast SEO plugin. -->","yoast_head_json":{"title":"Vegemessut onnistuivat Eventoksen avulla","description":"Vegemessut rikkoivat k\u00e4vij\u00e4enn\u00e4tyksen Eventoksenratkaisuilla. Tutustu, miten sujuvat j\u00e4rjestelyt loivat onnistuneen tapahtuman.","robots":{"index":"index","follow":"follow","max-snippet":"max-snippet:-1","max-image-preview":"max-image-preview:large","max-video-preview":"max-video-preview:-1"},"canonical":"https:\/\/eventos.fi\/en\/blog\/2024\/04\/15\/eventos-oli-mukana-kun-vegemessut-tekivat-kavijaennatyksen\/","og_locale":"en_GB","og_type":"article","og_title":"Vegemessut onnistuivat Eventoksen avulla","og_description":"Vegemessut rikkoivat k\u00e4vij\u00e4enn\u00e4tyksen Eventoksenratkaisuilla. Tutustu, miten sujuvat j\u00e4rjestelyt loivat onnistuneen tapahtuman.","og_url":"https:\/\/eventos.fi\/en\/blog\/2024\/04\/15\/eventos-oli-mukana-kun-vegemessut-tekivat-kavijaennatyksen\/","og_site_name":"Eventos","article_published_time":"2024-04-15T09:04:40+00:00","article_modified_time":"2025-09-16T05:40:22+00:00","og_image":[{"width":1920,"height":1080,"url":"https:\/\/eventos.fi\/wp-content\/uploads\/2024\/04\/blog-post-image-2-min.png","type":"image\/png"}],"author":"superadmin","twitter_card":"summary_large_image","twitter_misc":{"Written by":"superadmin","Estimated reading time":"2 minutes"},"schema":{"@context":"https:\/\/schema.org","@graph":[{"@type":"Article","@id":"https:\/\/eventos.fi\/blog\/2024\/04\/15\/eventos-oli-mukana-kun-vegemessut-tekivat-kavijaennatyksen\/#article","isPartOf":{"@id":"https:\/\/eventos.fi\/blog\/2024\/04\/15\/eventos-oli-mukana-kun-vegemessut-tekivat-kavijaennatyksen\/"},"author":{"name":"superadmin","@id":"https:\/\/eventos.fi\/#\/schema\/person\/178527380e29b3cb858687f9e8f50c75"},"headline":"Eventos oli mukana, kun Vegemessut tekiv\u00e4t k\u00e4vij\u00e4enn\u00e4tyksen","datePublished":"2024-04-15T09:04:40+00:00","dateModified":"2025-09-16T05:40:22+00:00","mainEntityOfPage":{"@id":"https:\/\/eventos.fi\/blog\/2024\/04\/15\/eventos-oli-mukana-kun-vegemessut-tekivat-kavijaennatyksen\/"},"wordCount":397,"publisher":{"@id":"https:\/\/eventos.fi\/#organization"},"image":{"@id":"https:\/\/eventos.fi\/blog\/2024\/04\/15\/eventos-oli-mukana-kun-vegemessut-tekivat-kavijaennatyksen\/#primaryimage"},"thumbnailUrl":"https:\/\/eventos.fi\/wp-content\/uploads\/2024\/04\/blog-post-image-2-min.png","articleSection":["Referenssi"],"inLanguage":"en-GB"},{"@type":"WebPage","@id":"https:\/\/eventos.fi\/blog\/2024\/04\/15\/eventos-oli-mukana-kun-vegemessut-tekivat-kavijaennatyksen\/","url":"https:\/\/eventos.fi\/blog\/2024\/04\/15\/eventos-oli-mukana-kun-vegemessut-tekivat-kavijaennatyksen\/","name":"Vegemessut onnistuivat Eventoksen avulla","isPartOf":{"@id":"https:\/\/eventos.fi\/#website"},"primaryImageOfPage":{"@id":"https:\/\/eventos.fi\/blog\/2024\/04\/15\/eventos-oli-mukana-kun-vegemessut-tekivat-kavijaennatyksen\/#primaryimage"},"image":{"@id":"https:\/\/eventos.fi\/blog\/2024\/04\/15\/eventos-oli-mukana-kun-vegemessut-tekivat-kavijaennatyksen\/#primaryimage"},"thumbnailUrl":"https:\/\/eventos.fi\/wp-content\/uploads\/2024\/04\/blog-post-image-2-min.png","datePublished":"2024-04-15T09:04:40+00:00","dateModified":"2025-09-16T05:40:22+00:00","description":"Vegemessut rikkoivat k\u00e4vij\u00e4enn\u00e4tyksen Eventoksenratkaisuilla. Tutustu, miten sujuvat j\u00e4rjestelyt loivat onnistuneen tapahtuman.","breadcrumb":{"@id":"https:\/\/eventos.fi\/blog\/2024\/04\/15\/eventos-oli-mukana-kun-vegemessut-tekivat-kavijaennatyksen\/#breadcrumb"},"inLanguage":"en-GB","potentialAction":[{"@type":"ReadAction","target":["https:\/\/eventos.fi\/blog\/2024\/04\/15\/eventos-oli-mukana-kun-vegemessut-tekivat-kavijaennatyksen\/"]}]},{"@type":"ImageObject","inLanguage":"en-GB","@id":"https:\/\/eventos.fi\/blog\/2024\/04\/15\/eventos-oli-mukana-kun-vegemessut-tekivat-kavijaennatyksen\/#primaryimage","url":"https:\/\/eventos.fi\/wp-content\/uploads\/2024\/04\/blog-post-image-2-min.png","contentUrl":"https:\/\/eventos.fi\/wp-content\/uploads\/2024\/04\/blog-post-image-2-min.png","width":1920,"height":1080},{"@type":"BreadcrumbList","@id":"https:\/\/eventos.fi\/blog\/2024\/04\/15\/eventos-oli-mukana-kun-vegemessut-tekivat-kavijaennatyksen\/#breadcrumb","itemListElement":[{"@type":"ListItem","position":1,"name":"Home","item":"https:\/\/eventos.fi\/"},{"@type":"ListItem","position":2,"name":"Eventos oli mukana, kun Vegemessut tekiv\u00e4t k\u00e4vij\u00e4enn\u00e4tyksen"}]},{"@type":"WebSite","@id":"https:\/\/eventos.fi\/#website","url":"https:\/\/eventos.fi\/","name":"Eventos","description":"","publisher":{"@id":"https:\/\/eventos.fi\/#organization"},"potentialAction":[{"@type":"SearchAction","target":{"@type":"EntryPoint","urlTemplate":"https:\/\/eventos.fi\/?s={search_term_string}"},"query-input":{"@type":"PropertyValueSpecification","valueRequired":true,"valueName":"search_term_string"}}],"inLanguage":"en-GB"},{"@type":"Organization","@id":"https:\/\/eventos.fi\/#organization","name":"Eventos","url":"https:\/\/eventos.fi\/","logo":{"@type":"ImageObject","inLanguage":"en-GB","@id":"https:\/\/eventos.fi\/#\/schema\/logo\/image\/","url":"https:\/\/eventos.fi\/wp-content\/uploads\/2023\/03\/Frame-49.png","contentUrl":"https:\/\/eventos.fi\/wp-content\/uploads\/2023\/03\/Frame-49.png","width":134,"height":46,"caption":"Eventos"},"image":{"@id":"https:\/\/eventos.fi\/#\/schema\/logo\/image\/"}},{"@type":"Person","@id":"https:\/\/eventos.fi\/#\/schema\/person\/178527380e29b3cb858687f9e8f50c75","name":"superadmin","image":{"@type":"ImageObject","inLanguage":"en-GB","@id":"https:\/\/secure.gravatar.com\/avatar\/0746553e4cd846e278e54d8ac7c0d603e163ee8ce5ad3949e9499658cd9dd3fa?s=96&d=mm&r=g","url":"https:\/\/secure.gravatar.com\/avatar\/0746553e4cd846e278e54d8ac7c0d603e163ee8ce5ad3949e9499658cd9dd3fa?s=96&d=mm&r=g","contentUrl":"https:\/\/secure.gravatar.com\/avatar\/0746553e4cd846e278e54d8ac7c0d603e163ee8ce5ad3949e9499658cd9dd3fa?s=96&d=mm&r=g","caption":"superadmin"},"sameAs":["http:\/\/142.93.230.92"],"url":"https:\/\/eventos.fi\/en\/blog\/author\/superadmin\/"}]}},"uagb_featured_image_src":{"full":["https:\/\/eventos.fi\/wp-content\/uploads\/2024\/04\/blog-post-image-2-min.png",1920,1080,false],"thumbnail":["https:\/\/eventos.fi\/wp-content\/uploads\/2024\/04\/blog-post-image-2-min-150x150.png",150,150,true],"medium":["https:\/\/eventos.fi\/wp-content\/uploads\/2024\/04\/blog-post-image-2-min-300x169.png",300,169,true],"medium_large":["https:\/\/eventos.fi\/wp-content\/uploads\/2024\/04\/blog-post-image-2-min-768x432.png",768,432,true],"large":["https:\/\/eventos.fi\/wp-content\/uploads\/2024\/04\/blog-post-image-2-min-1024x576.png",1024,576,true],"1536x1536":["https:\/\/eventos.fi\/wp-content\/uploads\/2024\/04\/blog-post-image-2-min-1536x864.png",1536,864,true],"2048x2048":["https:\/\/eventos.fi\/wp-content\/uploads\/2024\/04\/blog-post-image-2-min.png",1920,1080,false],"trp-custom-language-flag":["https:\/\/eventos.fi\/wp-content\/uploads\/2024\/04\/blog-post-image-2-min-18x10.png",18,10,true]},"uagb_author_info":{"display_name":"superadmin","author_link":"https:\/\/eventos.fi\/en\/blog\/author\/superadmin\/"},"uagb_comment_info":0,"uagb_excerpt":"Pohjoismaiden suurin kasvisruokatapahtuma Vegemessut toteutettiin ensimm\u00e4ist\u00e4 kertaa Eventoksen avulla.","_links":{"self":[{"href":"https:\/\/eventos.fi\/en\/wp-json\/wp\/v2\/posts\/1743","targetHints":{"allow":["GET"]}}],"collection":[{"href":"https:\/\/eventos.fi\/en\/wp-json\/wp\/v2\/posts"}],"about":[{"href":"https:\/\/eventos.fi\/en\/wp-json\/wp\/v2\/types\/post"}],"author":[{"embeddable":true,"href":"https:\/\/eventos.fi\/en\/wp-json\/wp\/v2\/users\/1"}],"replies":[{"embeddable":true,"href":"https:\/\/eventos.fi\/en\/wp-json\/wp\/v2\/comments?post=1743"}],"version-history":[{"count":11,"href":"https:\/\/eventos.fi\/en\/wp-json\/wp\/v2\/posts\/1743\/revisions"}],"predecessor-version":[{"id":1917,"href":"https:\/\/eventos.fi\/en\/wp-json\/wp\/v2\/posts\/1743\/revisions\/1917"}],"wp:featuredmedia":[{"embeddable":true,"href":"https:\/\/eventos.fi\/en\/wp-json\/wp\/v2\/media\/1744"}],"wp:attachment":[{"href":"https:\/\/eventos.fi\/en\/wp-json\/wp\/v2\/media?parent=1743"}],"wp:term":[{"taxonomy":"category","embeddable":true,"href":"https:\/\/eventos.fi\/en\/wp-json\/wp\/v2\/categories?post=1743"},{"taxonomy":"post_tag","embeddable":true,"href":"https:\/\/eventos.fi\/en\/wp-json\/wp\/v2\/tags?post=1743"}],"curies":[{"name":"wp","href":"https:\/\/api.w.org\/{rel}","templated":true}]}}